{"id":47,"date":"2012-08-01T16:10:08","date_gmt":"2012-08-01T16:10:08","guid":{"rendered":"http:\/\/www.adevia.de\/index.php\/allgemein\/die-richtige-bestattungsvorsorge-wird-bei-senioren-immer-mehr-zum-thema\/"},"modified":"2022-01-21T10:02:17","modified_gmt":"2022-01-21T09:02:17","slug":"die-richtige-bestattungsvorsorge-wird-bei-senioren-immer-mehr-zum-thema","status":"publish","type":"post","link":"https:\/\/www.adevia.de\/index.php\/allgemein\/die-richtige-bestattungsvorsorge-wird-bei-senioren-immer-mehr-zum-thema\/","title":{"rendered":"Die richtige Bestattungsvorsorge wird bei Senioren immer mehr zum Thema."},"content":{"rendered":"<p><img loading=\"lazy\" decoding=\"async\" class=\"alignleft size-full wp-image-46\" style=\"float: left; margin: 5px;\" title=\"vorsorge\" src=\"https:\/\/www.adevia.de\/wp-content\/uploads\/vorsorge.jpg\" alt=\"vorsorge\" width=\"200\" height=\"266\" \/>Das Thema Tod ist in der heutigen Zeit kein besonderes Tabu-Thema mehr. Die \u00e4lteren Menschen setzen sich mit dieser Angelegenheit sehr intensiv auseinander und m\u00f6chten selbst bestimmen, wie die Trauerfeierlichkeiten nach ihrem Tod stattfinden sollen, welche Lieder gespielt werden und in welcher Form sie bestattet werden m\u00f6chten.<\/p>\n<p>Das <a href=\"https:\/\/www.eulert-bestattungen.de\/baumbestattung-berlin\">Waldbestattung und Baumbestattung in Berlin<\/a> steht den Senioren beratend zur Seite und informiert, welche M\u00f6glichkeiten es f\u00fcr eine Bestattung gibt. Einige B\u00fcrger m\u00f6chten nach dem Tod traditionell in einem Sarg oder in einer Urne unter die Erde kommen. F\u00fcr ihr Ableben wurde entsprechend vorgesorgt und eine Lebens- oder Sterbegeldversicherung abgeschlossen. Die Hinterbliebenen sollen nicht f\u00fcr die Kosten der Trauerfeier aufkommen m\u00fcssen und nach dem offiziellen Teil soll ein gem\u00fctlicher Tag den traurigen Anlass in einer gem\u00fctlichen Familienfeier ausklingen lassen.<!--more--> Einige Menschen m\u00f6chten nicht, dass die Kinder und Verwandten an einem Grab stehen, j\u00e4hrlich Bl\u00fcmchen pflanzen und trauern. \u00dcber die <a href=\"https:\/\/www.berlin-beerdigung.de\/seebeerdigung.html\">Seebestattung Berlin Ostsee oder Nordsee<\/a> werden die leiblichen \u00dcberreste dem Meer \u00fcbergeben, was symbolisch bedeutet, der Verstorbene ist \u00fcberall auf der Erde. Diese Form der Bestattung war fr\u00fcher nur bei Seeleuten \u00fcblich, welche auf hoher See zu Tode gekommen sind. Heute m\u00f6chten ganz normale Menschen nach ihrem Ableben dem Meer \u00fcbergeben werden und es ist nicht mehr nur auf Matrosen beschr\u00e4nkt.<\/p>\n","protected":false},"excerpt":{"rendered":"<p>Das Thema Tod ist in der heutigen Zeit kein besonderes Tabu-Thema mehr. Die \u00e4lteren Menschen setzen sich mit dieser Angelegenheit sehr intensiv auseinander und m\u00f6chten<\/p>\n","protected":false},"author":2,"featured_media":0,"comment_status":"open","ping_status":"open","sticky":false,"template":"","format":"standard","meta":{"footnotes":""},"categories":[1],"tags":[],"class_list":["post-47","post","type-post","status-publish","format-standard","hentry","category-allgemein"],"aioseo_notices":[],"_links":{"self":[{"href":"https:\/\/www.adevia.de\/index.php\/wp-json\/wp\/v2\/posts\/47","targetHints":{"allow":["GET"]}}],"collection":[{"href":"https:\/\/www.adevia.de\/index.php\/wp-json\/wp\/v2\/posts"}],"about":[{"href":"https:\/\/www.adevia.de\/index.php\/wp-json\/wp\/v2\/types\/post"}],"author":[{"embeddable":true,"href":"https:\/\/www.adevia.de\/index.php\/wp-json\/wp\/v2\/users\/2"}],"replies":[{"embeddable":true,"href":"https:\/\/www.adevia.de\/index.php\/wp-json\/wp\/v2\/comments?post=47"}],"version-history":[{"count":3,"href":"https:\/\/www.adevia.de\/index.php\/wp-json\/wp\/v2\/posts\/47\/revisions"}],"predecessor-version":[{"id":81,"href":"https:\/\/www.adevia.de\/index.php\/wp-json\/wp\/v2\/posts\/47\/revisions\/81"}],"wp:attachment":[{"href":"https:\/\/www.adevia.de\/index.php\/wp-json\/wp\/v2\/media?parent=47"}],"wp:term":[{"taxonomy":"category","embeddable":true,"href":"https:\/\/www.adevia.de\/index.php\/wp-json\/wp\/v2\/categories?post=47"},{"taxonomy":"post_tag","embeddable":true,"href":"https:\/\/www.adevia.de\/index.php\/wp-json\/wp\/v2\/tags?post=47"}],"curies":[{"name":"wp","href":"https:\/\/api.w.org\/{rel}","templated":true}]}}